{"id":12620,"count":1,"description":"","link":"https:\/\/juristas.com.br\/tag\/comunicacao-de-saida-definitiva-do-pais\/","name":"Comunica\u00e7\u00e3o de Sa\u00edda Definitiva do Pa\u00eds","slug":"comunicacao-de-saida-definitiva-do-pais","taxonomy":"post_tag","meta":[],"_links":{"self":[{"href":"https:\/\/juristas.com.br\/wp-json2\/wp\/v2\/post_tag\/12620","targetHints":{"allow":["GET"]}}],"collection":[{"href":"https:\/\/juristas.com.br\/wp-json2\/wp\/v2\/post_tag"}],"about":[{"href":"https:\/\/juristas.com.br\/wp-json2\/wp\/v2\/taxonomies\/post_tag"}],"wp:post_type":[{"href":"https:\/\/juristas.com.br\/wp-json2\/wp\/v2\/posts?post_tag=12620"}],"curies":[{"name":"wp","href":"https:\/\/api.w.org\/{rel}","templated":true}]}}