{"id":138278,"count":1,"description":"","link":"https:\/\/juristas.com.br\/tag\/presidente-da-associacao-brasileira-de-direito-de-familia\/","name":"Presidente da Associa\u00e7\u00e3o Brasileira de Direito de Fam\u00edlia","slug":"presidente-da-associacao-brasileira-de-direito-de-familia","taxonomy":"post_tag","meta":[],"_links":{"self":[{"href":"https:\/\/juristas.com.br\/wp-json2\/wp\/v2\/post_tag\/138278","targetHints":{"allow":["GET"]}}],"collection":[{"href":"https:\/\/juristas.com.br\/wp-json2\/wp\/v2\/post_tag"}],"about":[{"href":"https:\/\/juristas.com.br\/wp-json2\/wp\/v2\/taxonomies\/post_tag"}],"wp:post_type":[{"href":"https:\/\/juristas.com.br\/wp-json2\/wp\/v2\/posts?post_tag=138278"}],"curies":[{"name":"wp","href":"https:\/\/api.w.org\/{rel}","templated":true}]}}