{"id":143091,"count":1,"description":"","link":"https:\/\/juristas.com.br\/tag\/acao-de-interdicao-e-curatela\/","name":"a\u00e7\u00e3o de interdi\u00e7\u00e3o e curatela","slug":"acao-de-interdicao-e-curatela","taxonomy":"post_tag","meta":[],"_links":{"self":[{"href":"https:\/\/juristas.com.br\/wp-json2\/wp\/v2\/post_tag\/143091","targetHints":{"allow":["GET"]}}],"collection":[{"href":"https:\/\/juristas.com.br\/wp-json2\/wp\/v2\/post_tag"}],"about":[{"href":"https:\/\/juristas.com.br\/wp-json2\/wp\/v2\/taxonomies\/post_tag"}],"wp:post_type":[{"href":"https:\/\/juristas.com.br\/wp-json2\/wp\/v2\/posts?post_tag=143091"}],"curies":[{"name":"wp","href":"https:\/\/api.w.org\/{rel}","templated":true}]}}