{"id":15131,"count":1,"description":"","link":"https:\/\/juristas.com.br\/tag\/afeccao-cronica\/","name":"afec\u00e7\u00e3o cr\u00f4nica","slug":"afeccao-cronica","taxonomy":"post_tag","meta":[],"_links":{"self":[{"href":"https:\/\/juristas.com.br\/wp-json2\/wp\/v2\/post_tag\/15131","targetHints":{"allow":["GET"]}}],"collection":[{"href":"https:\/\/juristas.com.br\/wp-json2\/wp\/v2\/post_tag"}],"about":[{"href":"https:\/\/juristas.com.br\/wp-json2\/wp\/v2\/taxonomies\/post_tag"}],"wp:post_type":[{"href":"https:\/\/juristas.com.br\/wp-json2\/wp\/v2\/posts?post_tag=15131"}],"curies":[{"name":"wp","href":"https:\/\/api.w.org\/{rel}","templated":true}]}}