{"id":16455,"count":1,"description":"","link":"https:\/\/juristas.com.br\/tag\/carencia-da-acao\/","name":"car\u00eancia da a\u00e7\u00e3o","slug":"carencia-da-acao","taxonomy":"post_tag","meta":[],"_links":{"self":[{"href":"https:\/\/juristas.com.br\/wp-json2\/wp\/v2\/post_tag\/16455","targetHints":{"allow":["GET"]}}],"collection":[{"href":"https:\/\/juristas.com.br\/wp-json2\/wp\/v2\/post_tag"}],"about":[{"href":"https:\/\/juristas.com.br\/wp-json2\/wp\/v2\/taxonomies\/post_tag"}],"wp:post_type":[{"href":"https:\/\/juristas.com.br\/wp-json2\/wp\/v2\/posts?post_tag=16455"}],"curies":[{"name":"wp","href":"https:\/\/api.w.org\/{rel}","templated":true}]}}