{"id":17851,"count":1,"description":"","link":"https:\/\/juristas.com.br\/tag\/reverta-a-operacao-de-readequacao-escritural\/","name":"reverta a opera\u00e7\u00e3o de readequa\u00e7\u00e3o escritural","slug":"reverta-a-operacao-de-readequacao-escritural","taxonomy":"post_tag","meta":[],"_links":{"self":[{"href":"https:\/\/juristas.com.br\/wp-json2\/wp\/v2\/post_tag\/17851","targetHints":{"allow":["GET"]}}],"collection":[{"href":"https:\/\/juristas.com.br\/wp-json2\/wp\/v2\/post_tag"}],"about":[{"href":"https:\/\/juristas.com.br\/wp-json2\/wp\/v2\/taxonomies\/post_tag"}],"wp:post_type":[{"href":"https:\/\/juristas.com.br\/wp-json2\/wp\/v2\/posts?post_tag=17851"}],"curies":[{"name":"wp","href":"https:\/\/api.w.org\/{rel}","templated":true}]}}