{"id":188847,"count":1,"description":"","link":"https:\/\/juristas.com.br\/tag\/sistematica-da-relevancia-da-questao-federal\/","name":"sistem\u00e1tica da relev\u00e2ncia da quest\u00e3o federal","slug":"sistematica-da-relevancia-da-questao-federal","taxonomy":"post_tag","meta":[],"_links":{"self":[{"href":"https:\/\/juristas.com.br\/wp-json2\/wp\/v2\/post_tag\/188847","targetHints":{"allow":["GET"]}}],"collection":[{"href":"https:\/\/juristas.com.br\/wp-json2\/wp\/v2\/post_tag"}],"about":[{"href":"https:\/\/juristas.com.br\/wp-json2\/wp\/v2\/taxonomies\/post_tag"}],"wp:post_type":[{"href":"https:\/\/juristas.com.br\/wp-json2\/wp\/v2\/posts?post_tag=188847"}],"curies":[{"name":"wp","href":"https:\/\/api.w.org\/{rel}","templated":true}]}}