{"id":49665,"count":1,"description":"","link":"https:\/\/juristas.com.br\/tag\/integracao-da-pessoa-portadora-de-deficiencia\/","name":"Integra\u00e7\u00e3o da Pessoa Portadora de Defici\u00eancia","slug":"integracao-da-pessoa-portadora-de-deficiencia","taxonomy":"post_tag","meta":[],"_links":{"self":[{"href":"https:\/\/juristas.com.br\/wp-json2\/wp\/v2\/post_tag\/49665","targetHints":{"allow":["GET"]}}],"collection":[{"href":"https:\/\/juristas.com.br\/wp-json2\/wp\/v2\/post_tag"}],"about":[{"href":"https:\/\/juristas.com.br\/wp-json2\/wp\/v2\/taxonomies\/post_tag"}],"wp:post_type":[{"href":"https:\/\/juristas.com.br\/wp-json2\/wp\/v2\/posts?post_tag=49665"}],"curies":[{"name":"wp","href":"https:\/\/api.w.org\/{rel}","templated":true}]}}