{"id":7463,"count":1,"description":"","link":"https:\/\/juristas.com.br\/tag\/acao-de-indenizacao-por-danos-material-e-moral\/","name":"A\u00e7\u00e3o de indeniza\u00e7\u00e3o por danos material e moral","slug":"acao-de-indenizacao-por-danos-material-e-moral","taxonomy":"post_tag","meta":[],"_links":{"self":[{"href":"https:\/\/juristas.com.br\/wp-json2\/wp\/v2\/post_tag\/7463","targetHints":{"allow":["GET"]}}],"collection":[{"href":"https:\/\/juristas.com.br\/wp-json2\/wp\/v2\/post_tag"}],"about":[{"href":"https:\/\/juristas.com.br\/wp-json2\/wp\/v2\/taxonomies\/post_tag"}],"wp:post_type":[{"href":"https:\/\/juristas.com.br\/wp-json2\/wp\/v2\/posts?post_tag=7463"}],"curies":[{"name":"wp","href":"https:\/\/api.w.org\/{rel}","templated":true}]}}