{"id":8550,"count":1,"description":"","link":"https:\/\/juristas.com.br\/tag\/indenizacao-por-danos-moral-e-esteticos\/","name":"indeniza\u00e7\u00e3o por danos moral e est\u00e9ticos","slug":"indenizacao-por-danos-moral-e-esteticos","taxonomy":"post_tag","meta":[],"_links":{"self":[{"href":"https:\/\/juristas.com.br\/wp-json2\/wp\/v2\/post_tag\/8550","targetHints":{"allow":["GET"]}}],"collection":[{"href":"https:\/\/juristas.com.br\/wp-json2\/wp\/v2\/post_tag"}],"about":[{"href":"https:\/\/juristas.com.br\/wp-json2\/wp\/v2\/taxonomies\/post_tag"}],"wp:post_type":[{"href":"https:\/\/juristas.com.br\/wp-json2\/wp\/v2\/posts?post_tag=8550"}],"curies":[{"name":"wp","href":"https:\/\/api.w.org\/{rel}","templated":true}]}}